{"id":7099,"date":"2026-04-29T07:53:59","date_gmt":"2026-04-29T05:53:59","guid":{"rendered":"https:\/\/www.royalcomfort.cz\/?p=7099"},"modified":"2026-04-29T07:53:59","modified_gmt":"2026-04-29T05:53:59","slug":"%f0%9f%91%91-royal-comfort-days-2026-najvacsia-udalost-roka-prave-zacina","status":"publish","type":"post","link":"https:\/\/www.royalcomfort.cz\/sk\/%f0%9f%91%91-royal-comfort-days-2026-nejvetsi-akce-roku-prave-zacina","title":{"rendered":"\ud83d\udc51 ROYAL COMFORT DAYS 2026 - najv\u00e4\u010d\u0161ie podujatie roka pr\u00e1ve za\u010d\u00edna!"},"content":{"rendered":"<p><br>Raz za rok sa to jednoducho mus\u00ed sta\u0165. Tento piatok, 1. m\u00e1ja, za\u010d\u00edname Dni kr\u00e1\u013eovsk\u00e9ho pohodlia 2026 a ideme do toho naplno - 30 % z\u013eava na v\u0161etko. <\/p>\n\n\n\n<h2 class=\"wp-block-heading\">Postele, matrace, prestieradl\u00e1, \u017eupany... jednoducho v\u0161etko, \u010do rob\u00ed v\u00e1\u0161 domov miestom, na ktor\u00e9 sa te\u0161\u00edte. Akcia trv\u00e1 do 15. m\u00e1ja - m\u00e1te teda \u010das prem\u00fd\u0161\u013ea\u0165, ale nie z\u00e1sobova\u0165 sa \ud83d\ude05<\/h2>\n\n\n\n<p>\u2728 Ako k\u00fapi\u0165?<br>\ud83d\udd38 Showroom Praha (Vinohradsk\u00e1) alebo Hradec Kr\u00e1lov\u00e9 - pr\u00ed\u010fte si vybra\u0165 sami. Doslova. \u017diadna fotografia nenahrad\u00ed to, ako si \u013eahnete na matrac a jednoducho viete.<br>(Pozor: 1. m\u00e1ja a 8. m\u00e1ja - \u0161t\u00e1tne sviatky - m\u00e1me zatvoren\u00e9. V sobotu je otvoren\u00e9 od 10 do 15 hod.)<br>\ud83d\udd38 E-shop - funguje bez obmedzenia, 24 hod\u00edn denne, 7 dn\u00ed v t\u00fd\u017edni, aj po\u010das sviatkov \ud83d\uded2<\/p>\n\n\n\n<h2 class=\"wp-block-heading\">\ud83d\udd38 Osobn\u00e1 konzult\u00e1cia - n\u00e1\u0161 Peter v\u00e1m pom\u00f4\u017ee vybra\u0165 matrac a poste\u013e na mieru v\u00e1\u0161mu telu a \u017eivotn\u00e9mu \u0161t\u00fdlu. Zavolajte na \u010d\u00edslo 725 708 777 a dohodnite si stretnutie.<\/h2>\n\n\n\n<p>Zasl\u00fa\u017eite si kr\u00e1\u013eovsk\u00fd komfort. A teraz za kr\u00e1\u013eovsk\u00fa cenu \ud83d\udc51<\/p>\n\n\n\n<h1 class=\"wp-block-heading\"><\/h1>\n\n\n\n<p><\/p>","protected":false},"excerpt":{"rendered":"<p>Jednou za rok se to prost\u011b mus\u00ed st\u00e1t. Tento p\u00e1tek 1. 5. spou\u0161t\u00edme Royal Comfort Days 2026 a rovnou jdeme naplno \u2014 30 % sleva na \u00fapln\u011b v\u0161echno. Postele, matrace, povle\u010den\u00ed, \u017eupany\u2026 prost\u011b v\u0161echno, co d\u011bl\u00e1 v\u00e1\u0161 domov m\u00edstem, kam se t\u011b\u0161\u00edte. Akce b\u011b\u017e\u00ed a\u017e do 15. 5. \u2014 tak\u017ee \u010das na rozmy\u0161lenou m\u00e1te, ale [&hellip;]<\/p>\n","protected":false},"author":2,"featured_media":7100,"comment_status":"open","ping_status":"open","sticky":false,"template":"","format":"standard","meta":{"inline_featured_image":false,"footnotes":""},"categories":[8],"tags":[],"class_list":["post-7099","post","type-post","status-publish","format-standard","has-post-thumbnail","hentry","category-blog"],"yoast_head":"<!-- This site is optimized with the Yoast SEO plugin v27.5 - https:\/\/yoast.com\/product\/yoast-seo-wordpress\/ -->\n<title>\ud83d\udc51 ROYAL COMFORT DAYS 2026 \u2014 nejv\u011bt\u0161\u00ed akce roku pr\u00e1v\u011b za\u010d\u00edn\u00e1! | Royalcomfort.cz<\/title>\n<meta name=\"robots\" content=\"index, follow, max-snippet:-1, max-image-preview:large, max-video-preview:-1\" \/>\n<link rel=\"canonical\" href=\"https:\/\/www.royalcomfort.cz\/sk\/\ud83d\udc51-royal-comfort-days-2026-najvacsia-udalost-roka-prave-zacina\/\" \/>\n<meta property=\"og:locale\" content=\"sk_SK\" \/>\n<meta property=\"og:type\" content=\"article\" \/>\n<meta property=\"og:title\" content=\"\ud83d\udc51 ROYAL COMFORT DAYS 2026 \u2014 nejv\u011bt\u0161\u00ed akce roku pr\u00e1v\u011b za\u010d\u00edn\u00e1! | Royalcomfort.cz\" \/>\n<meta property=\"og:description\" content=\"Jednou za rok se to prost\u011b mus\u00ed st\u00e1t. Tento p\u00e1tek 1. 5. spou\u0161t\u00edme Royal Comfort Days 2026 a rovnou jdeme naplno \u2014 30 % sleva na \u00fapln\u011b v\u0161echno. Postele, matrace, povle\u010den\u00ed, \u017eupany\u2026 prost\u011b v\u0161echno, co d\u011bl\u00e1 v\u00e1\u0161 domov m\u00edstem, kam se t\u011b\u0161\u00edte. Akce b\u011b\u017e\u00ed a\u017e do 15. 5. \u2014 tak\u017ee \u010das na rozmy\u0161lenou m\u00e1te, ale [&hellip;]\" \/>\n<meta property=\"og:url\" content=\"https:\/\/www.royalcomfort.cz\/sk\/\ud83d\udc51-royal-comfort-days-2026-najvacsia-udalost-roka-prave-zacina\/\" \/>\n<meta property=\"og:site_name\" content=\"Royalcomfort.cz\" \/>\n<meta property=\"article:publisher\" content=\"https:\/\/www.facebook.com\/KingKoilCz\" \/>\n<meta property=\"article:published_time\" content=\"2026-04-29T05:53:59+00:00\" \/>\n<meta property=\"og:image\" content=\"http:\/\/www.royalcomfort.cz\/wp-content\/uploads\/2026\/04\/RC-days-30-web-mobile-CZ.jpg\" \/>\n\t<meta property=\"og:image:width\" content=\"800\" \/>\n\t<meta property=\"og:image:height\" content=\"655\" \/>\n\t<meta property=\"og:image:type\" content=\"image\/jpeg\" \/>\n<meta name=\"author\" content=\"Michal Drha\" \/>\n<meta name=\"twitter:card\" content=\"summary_large_image\" \/>\n<meta name=\"twitter:label1\" content=\"Autor\" \/>\n\t<meta name=\"twitter:data1\" content=\"Michal Drha\" \/>\n\t<meta name=\"twitter:label2\" content=\"Predpokladan\u00fd \u010das \u010d\u00edtania\" \/>\n\t<meta name=\"twitter:data2\" content=\"1 min\u00fata\" \/>\n<script type=\"application\/ld+json\" class=\"yoast-schema-graph\">{\"@context\":\"https:\\\/\\\/schema.org\",\"@graph\":[{\"@type\":\"Article\",\"@id\":\"https:\\\/\\\/www.royalcomfort.cz\\\/%f0%9f%91%91-royal-comfort-days-2026-nejvetsi-akce-roku-prave-zacina#article\",\"isPartOf\":{\"@id\":\"https:\\\/\\\/www.royalcomfort.cz\\\/%f0%9f%91%91-royal-comfort-days-2026-nejvetsi-akce-roku-prave-zacina\"},\"author\":{\"name\":\"Michal Drha\",\"@id\":\"https:\\\/\\\/www.royalcomfort.cz\\\/#\\\/schema\\\/person\\\/916a429ee537006c46a9888a0613081a\"},\"headline\":\"\ud83d\udc51 ROYAL COMFORT DAYS 2026 \u2014 nejv\u011bt\u0161\u00ed akce roku pr\u00e1v\u011b za\u010d\u00edn\u00e1!\",\"datePublished\":\"2026-04-29T05:53:59+00:00\",\"mainEntityOfPage\":{\"@id\":\"https:\\\/\\\/www.royalcomfort.cz\\\/%f0%9f%91%91-royal-comfort-days-2026-nejvetsi-akce-roku-prave-zacina\"},\"wordCount\":173,\"commentCount\":0,\"publisher\":{\"@id\":\"https:\\\/\\\/www.royalcomfort.cz\\\/#organization\"},\"image\":{\"@id\":\"https:\\\/\\\/www.royalcomfort.cz\\\/%f0%9f%91%91-royal-comfort-days-2026-nejvetsi-akce-roku-prave-zacina#primaryimage\"},\"thumbnailUrl\":\"https:\\\/\\\/www.royalcomfort.cz\\\/wp-content\\\/uploads\\\/2026\\\/04\\\/RC-days-30-web-mobile-CZ.jpg\",\"articleSection\":[\"Blog\"],\"inLanguage\":\"sk-SK\",\"potentialAction\":[{\"@type\":\"CommentAction\",\"name\":\"Comment\",\"target\":[\"https:\\\/\\\/www.royalcomfort.cz\\\/%f0%9f%91%91-royal-comfort-days-2026-nejvetsi-akce-roku-prave-zacina#respond\"]}]},{\"@type\":\"WebPage\",\"@id\":\"https:\\\/\\\/www.royalcomfort.cz\\\/%f0%9f%91%91-royal-comfort-days-2026-nejvetsi-akce-roku-prave-zacina\",\"url\":\"https:\\\/\\\/www.royalcomfort.cz\\\/%f0%9f%91%91-royal-comfort-days-2026-nejvetsi-akce-roku-prave-zacina\",\"name\":\"\ud83d\udc51 ROYAL COMFORT DAYS 2026 \u2014 nejv\u011bt\u0161\u00ed akce roku pr\u00e1v\u011b za\u010d\u00edn\u00e1! | Royalcomfort.cz\",\"isPartOf\":{\"@id\":\"https:\\\/\\\/www.royalcomfort.cz\\\/#website\"},\"primaryImageOfPage\":{\"@id\":\"https:\\\/\\\/www.royalcomfort.cz\\\/%f0%9f%91%91-royal-comfort-days-2026-nejvetsi-akce-roku-prave-zacina#primaryimage\"},\"image\":{\"@id\":\"https:\\\/\\\/www.royalcomfort.cz\\\/%f0%9f%91%91-royal-comfort-days-2026-nejvetsi-akce-roku-prave-zacina#primaryimage\"},\"thumbnailUrl\":\"https:\\\/\\\/www.royalcomfort.cz\\\/wp-content\\\/uploads\\\/2026\\\/04\\\/RC-days-30-web-mobile-CZ.jpg\",\"datePublished\":\"2026-04-29T05:53:59+00:00\",\"breadcrumb\":{\"@id\":\"https:\\\/\\\/www.royalcomfort.cz\\\/%f0%9f%91%91-royal-comfort-days-2026-nejvetsi-akce-roku-prave-zacina#breadcrumb\"},\"inLanguage\":\"sk-SK\",\"potentialAction\":[{\"@type\":\"ReadAction\",\"target\":[\"https:\\\/\\\/www.royalcomfort.cz\\\/%f0%9f%91%91-royal-comfort-days-2026-nejvetsi-akce-roku-prave-zacina\"]}]},{\"@type\":\"ImageObject\",\"inLanguage\":\"sk-SK\",\"@id\":\"https:\\\/\\\/www.royalcomfort.cz\\\/%f0%9f%91%91-royal-comfort-days-2026-nejvetsi-akce-roku-prave-zacina#primaryimage\",\"url\":\"https:\\\/\\\/www.royalcomfort.cz\\\/wp-content\\\/uploads\\\/2026\\\/04\\\/RC-days-30-web-mobile-CZ.jpg\",\"contentUrl\":\"https:\\\/\\\/www.royalcomfort.cz\\\/wp-content\\\/uploads\\\/2026\\\/04\\\/RC-days-30-web-mobile-CZ.jpg\",\"width\":800,\"height\":655},{\"@type\":\"BreadcrumbList\",\"@id\":\"https:\\\/\\\/www.royalcomfort.cz\\\/%f0%9f%91%91-royal-comfort-days-2026-nejvetsi-akce-roku-prave-zacina#breadcrumb\",\"itemListElement\":[{\"@type\":\"ListItem\",\"position\":1,\"name\":\"Dom\u016f\",\"item\":\"https:\\\/\\\/www.royalcomfort.cz\\\/\"},{\"@type\":\"ListItem\",\"position\":2,\"name\":\"\ud83d\udc51 ROYAL COMFORT DAYS 2026 \u2014 nejv\u011bt\u0161\u00ed akce roku pr\u00e1v\u011b za\u010d\u00edn\u00e1!\"}]},{\"@type\":\"WebSite\",\"@id\":\"https:\\\/\\\/www.royalcomfort.cz\\\/#website\",\"url\":\"https:\\\/\\\/www.royalcomfort.cz\\\/\",\"name\":\"Royalcomfort.cz\",\"description\":\"Luxusn\u00ed kontinent\u00e1ln\u00ed postele a matrace\",\"publisher\":{\"@id\":\"https:\\\/\\\/www.royalcomfort.cz\\\/#organization\"},\"potentialAction\":[{\"@type\":\"SearchAction\",\"target\":{\"@type\":\"EntryPoint\",\"urlTemplate\":\"https:\\\/\\\/www.royalcomfort.cz\\\/?s={search_term_string}\"},\"query-input\":{\"@type\":\"PropertyValueSpecification\",\"valueRequired\":true,\"valueName\":\"search_term_string\"}}],\"inLanguage\":\"sk-SK\"},{\"@type\":\"Organization\",\"@id\":\"https:\\\/\\\/www.royalcomfort.cz\\\/#organization\",\"name\":\"Royal Comfort\",\"url\":\"https:\\\/\\\/www.royalcomfort.cz\\\/\",\"logo\":{\"@type\":\"ImageObject\",\"inLanguage\":\"sk-SK\",\"@id\":\"https:\\\/\\\/www.royalcomfort.cz\\\/#\\\/schema\\\/logo\\\/image\\\/\",\"url\":\"http:\\\/\\\/royalcomfort.cz\\\/wp-content\\\/uploads\\\/2023\\\/05\\\/Royal_Comfort_logo_slogan_primarni-2.png\",\"contentUrl\":\"http:\\\/\\\/royalcomfort.cz\\\/wp-content\\\/uploads\\\/2023\\\/05\\\/Royal_Comfort_logo_slogan_primarni-2.png\",\"width\":631,\"height\":285,\"caption\":\"Royal Comfort\"},\"image\":{\"@id\":\"https:\\\/\\\/www.royalcomfort.cz\\\/#\\\/schema\\\/logo\\\/image\\\/\"},\"sameAs\":[\"https:\\\/\\\/www.facebook.com\\\/KingKoilCz\"]},{\"@type\":\"Person\",\"@id\":\"https:\\\/\\\/www.royalcomfort.cz\\\/#\\\/schema\\\/person\\\/916a429ee537006c46a9888a0613081a\",\"name\":\"Michal Drha\",\"image\":{\"@type\":\"ImageObject\",\"inLanguage\":\"sk-SK\",\"@id\":\"https:\\\/\\\/secure.gravatar.com\\\/avatar\\\/b3ce8348fb153b10c73f5356648c1bf154e6d6a2780a79af38510d74a0f2a7cf?s=96&d=mm&r=g\",\"url\":\"https:\\\/\\\/secure.gravatar.com\\\/avatar\\\/b3ce8348fb153b10c73f5356648c1bf154e6d6a2780a79af38510d74a0f2a7cf?s=96&d=mm&r=g\",\"contentUrl\":\"https:\\\/\\\/secure.gravatar.com\\\/avatar\\\/b3ce8348fb153b10c73f5356648c1bf154e6d6a2780a79af38510d74a0f2a7cf?s=96&d=mm&r=g\",\"caption\":\"Michal Drha\"}}]}<\/script>\n<!-- \/ Yoast SEO plugin. -->","yoast_head_json":{"title":"\ud83d\udc51 ROYAL COMFORT DAYS 2026 - najv\u00e4\u010d\u0161ia udalos\u0165 roka sa za\u010d\u00edna! | Royalcomfort.cz","robots":{"index":"index","follow":"follow","max-snippet":"max-snippet:-1","max-image-preview":"max-image-preview:large","max-video-preview":"max-video-preview:-1"},"canonical":"https:\/\/www.royalcomfort.cz\/sk\/\ud83d\udc51-royal-comfort-days-2026-najvacsia-udalost-roka-prave-zacina\/","og_locale":"sk_SK","og_type":"article","og_title":"\ud83d\udc51 ROYAL COMFORT DAYS 2026 \u2014 nejv\u011bt\u0161\u00ed akce roku pr\u00e1v\u011b za\u010d\u00edn\u00e1! | Royalcomfort.cz","og_description":"Jednou za rok se to prost\u011b mus\u00ed st\u00e1t. Tento p\u00e1tek 1. 5. spou\u0161t\u00edme Royal Comfort Days 2026 a rovnou jdeme naplno \u2014 30 % sleva na \u00fapln\u011b v\u0161echno. Postele, matrace, povle\u010den\u00ed, \u017eupany\u2026 prost\u011b v\u0161echno, co d\u011bl\u00e1 v\u00e1\u0161 domov m\u00edstem, kam se t\u011b\u0161\u00edte. Akce b\u011b\u017e\u00ed a\u017e do 15. 5. \u2014 tak\u017ee \u010das na rozmy\u0161lenou m\u00e1te, ale [&hellip;]","og_url":"https:\/\/www.royalcomfort.cz\/sk\/\ud83d\udc51-royal-comfort-days-2026-najvacsia-udalost-roka-prave-zacina\/","og_site_name":"Royalcomfort.cz","article_publisher":"https:\/\/www.facebook.com\/KingKoilCz","article_published_time":"2026-04-29T05:53:59+00:00","og_image":[{"width":800,"height":655,"url":"http:\/\/www.royalcomfort.cz\/wp-content\/uploads\/2026\/04\/RC-days-30-web-mobile-CZ.jpg","type":"image\/jpeg"}],"author":"Michal Drha","twitter_card":"summary_large_image","twitter_misc":{"Autor":"Michal Drha","Predpokladan\u00fd \u010das \u010d\u00edtania":"1 min\u00fata"},"schema":{"@context":"https:\/\/schema.org","@graph":[{"@type":"Article","@id":"https:\/\/www.royalcomfort.cz\/%f0%9f%91%91-royal-comfort-days-2026-nejvetsi-akce-roku-prave-zacina#article","isPartOf":{"@id":"https:\/\/www.royalcomfort.cz\/%f0%9f%91%91-royal-comfort-days-2026-nejvetsi-akce-roku-prave-zacina"},"author":{"name":"Michal Drha","@id":"https:\/\/www.royalcomfort.cz\/#\/schema\/person\/916a429ee537006c46a9888a0613081a"},"headline":"\ud83d\udc51 ROYAL COMFORT DAYS 2026 \u2014 nejv\u011bt\u0161\u00ed akce roku pr\u00e1v\u011b za\u010d\u00edn\u00e1!","datePublished":"2026-04-29T05:53:59+00:00","mainEntityOfPage":{"@id":"https:\/\/www.royalcomfort.cz\/%f0%9f%91%91-royal-comfort-days-2026-nejvetsi-akce-roku-prave-zacina"},"wordCount":173,"commentCount":0,"publisher":{"@id":"https:\/\/www.royalcomfort.cz\/#organization"},"image":{"@id":"https:\/\/www.royalcomfort.cz\/%f0%9f%91%91-royal-comfort-days-2026-nejvetsi-akce-roku-prave-zacina#primaryimage"},"thumbnailUrl":"https:\/\/www.royalcomfort.cz\/wp-content\/uploads\/2026\/04\/RC-days-30-web-mobile-CZ.jpg","articleSection":["Blog"],"inLanguage":"sk-SK","potentialAction":[{"@type":"CommentAction","name":"Comment","target":["https:\/\/www.royalcomfort.cz\/%f0%9f%91%91-royal-comfort-days-2026-nejvetsi-akce-roku-prave-zacina#respond"]}]},{"@type":"WebPage","@id":"https:\/\/www.royalcomfort.cz\/%f0%9f%91%91-royal-comfort-days-2026-nejvetsi-akce-roku-prave-zacina","url":"https:\/\/www.royalcomfort.cz\/%f0%9f%91%91-royal-comfort-days-2026-nejvetsi-akce-roku-prave-zacina","name":"\ud83d\udc51 ROYAL COMFORT DAYS 2026 - najv\u00e4\u010d\u0161ia udalos\u0165 roka sa za\u010d\u00edna! | Royalcomfort.cz","isPartOf":{"@id":"https:\/\/www.royalcomfort.cz\/#website"},"primaryImageOfPage":{"@id":"https:\/\/www.royalcomfort.cz\/%f0%9f%91%91-royal-comfort-days-2026-nejvetsi-akce-roku-prave-zacina#primaryimage"},"image":{"@id":"https:\/\/www.royalcomfort.cz\/%f0%9f%91%91-royal-comfort-days-2026-nejvetsi-akce-roku-prave-zacina#primaryimage"},"thumbnailUrl":"https:\/\/www.royalcomfort.cz\/wp-content\/uploads\/2026\/04\/RC-days-30-web-mobile-CZ.jpg","datePublished":"2026-04-29T05:53:59+00:00","breadcrumb":{"@id":"https:\/\/www.royalcomfort.cz\/%f0%9f%91%91-royal-comfort-days-2026-nejvetsi-akce-roku-prave-zacina#breadcrumb"},"inLanguage":"sk-SK","potentialAction":[{"@type":"ReadAction","target":["https:\/\/www.royalcomfort.cz\/%f0%9f%91%91-royal-comfort-days-2026-nejvetsi-akce-roku-prave-zacina"]}]},{"@type":"ImageObject","inLanguage":"sk-SK","@id":"https:\/\/www.royalcomfort.cz\/%f0%9f%91%91-royal-comfort-days-2026-nejvetsi-akce-roku-prave-zacina#primaryimage","url":"https:\/\/www.royalcomfort.cz\/wp-content\/uploads\/2026\/04\/RC-days-30-web-mobile-CZ.jpg","contentUrl":"https:\/\/www.royalcomfort.cz\/wp-content\/uploads\/2026\/04\/RC-days-30-web-mobile-CZ.jpg","width":800,"height":655},{"@type":"BreadcrumbList","@id":"https:\/\/www.royalcomfort.cz\/%f0%9f%91%91-royal-comfort-days-2026-nejvetsi-akce-roku-prave-zacina#breadcrumb","itemListElement":[{"@type":"ListItem","position":1,"name":"Dom\u016f","item":"https:\/\/www.royalcomfort.cz\/"},{"@type":"ListItem","position":2,"name":"\ud83d\udc51 ROYAL COMFORT DAYS 2026 \u2014 nejv\u011bt\u0161\u00ed akce roku pr\u00e1v\u011b za\u010d\u00edn\u00e1!"}]},{"@type":"WebSite","@id":"https:\/\/www.royalcomfort.cz\/#website","url":"https:\/\/www.royalcomfort.cz\/","name":"Royalcomfort.cz","description":"Luxusn\u00e9 kontinent\u00e1lne postele a matrace","publisher":{"@id":"https:\/\/www.royalcomfort.cz\/#organization"},"potentialAction":[{"@type":"SearchAction","target":{"@type":"EntryPoint","urlTemplate":"https:\/\/www.royalcomfort.cz\/?s={search_term_string}"},"query-input":{"@type":"PropertyValueSpecification","valueRequired":true,"valueName":"search_term_string"}}],"inLanguage":"sk-SK"},{"@type":"Organization","@id":"https:\/\/www.royalcomfort.cz\/#organization","name":"Royal Comfort","url":"https:\/\/www.royalcomfort.cz\/","logo":{"@type":"ImageObject","inLanguage":"sk-SK","@id":"https:\/\/www.royalcomfort.cz\/#\/schema\/logo\/image\/","url":"http:\/\/royalcomfort.cz\/wp-content\/uploads\/2023\/05\/Royal_Comfort_logo_slogan_primarni-2.png","contentUrl":"http:\/\/royalcomfort.cz\/wp-content\/uploads\/2023\/05\/Royal_Comfort_logo_slogan_primarni-2.png","width":631,"height":285,"caption":"Royal Comfort"},"image":{"@id":"https:\/\/www.royalcomfort.cz\/#\/schema\/logo\/image\/"},"sameAs":["https:\/\/www.facebook.com\/KingKoilCz"]},{"@type":"Person","@id":"https:\/\/www.royalcomfort.cz\/#\/schema\/person\/916a429ee537006c46a9888a0613081a","name":"Michal Drha","image":{"@type":"ImageObject","inLanguage":"sk-SK","@id":"https:\/\/secure.gravatar.com\/avatar\/b3ce8348fb153b10c73f5356648c1bf154e6d6a2780a79af38510d74a0f2a7cf?s=96&d=mm&r=g","url":"https:\/\/secure.gravatar.com\/avatar\/b3ce8348fb153b10c73f5356648c1bf154e6d6a2780a79af38510d74a0f2a7cf?s=96&d=mm&r=g","contentUrl":"https:\/\/secure.gravatar.com\/avatar\/b3ce8348fb153b10c73f5356648c1bf154e6d6a2780a79af38510d74a0f2a7cf?s=96&d=mm&r=g","caption":"Michal Drha"}}]}},"_links":{"self":[{"href":"https:\/\/www.royalcomfort.cz\/sk\/wp-json\/wp\/v2\/posts\/7099","targetHints":{"allow":["GET"]}}],"collection":[{"href":"https:\/\/www.royalcomfort.cz\/sk\/wp-json\/wp\/v2\/posts"}],"about":[{"href":"https:\/\/www.royalcomfort.cz\/sk\/wp-json\/wp\/v2\/types\/post"}],"author":[{"embeddable":true,"href":"https:\/\/www.royalcomfort.cz\/sk\/wp-json\/wp\/v2\/users\/2"}],"replies":[{"embeddable":true,"href":"https:\/\/www.royalcomfort.cz\/sk\/wp-json\/wp\/v2\/comments?post=7099"}],"version-history":[{"count":1,"href":"https:\/\/www.royalcomfort.cz\/sk\/wp-json\/wp\/v2\/posts\/7099\/revisions"}],"predecessor-version":[{"id":7101,"href":"https:\/\/www.royalcomfort.cz\/sk\/wp-json\/wp\/v2\/posts\/7099\/revisions\/7101"}],"wp:featuredmedia":[{"embeddable":true,"href":"https:\/\/www.royalcomfort.cz\/sk\/wp-json\/wp\/v2\/media\/7100"}],"wp:attachment":[{"href":"https:\/\/www.royalcomfort.cz\/sk\/wp-json\/wp\/v2\/media?parent=7099"}],"wp:term":[{"taxonomy":"category","embeddable":true,"href":"https:\/\/www.royalcomfort.cz\/sk\/wp-json\/wp\/v2\/categories?post=7099"},{"taxonomy":"post_tag","embeddable":true,"href":"https:\/\/www.royalcomfort.cz\/sk\/wp-json\/wp\/v2\/tags?post=7099"}],"curies":[{"name":"wp","href":"https:\/\/api.w.org\/{rel}","templated":true}]}}